{"id":16538,"date":"2026-05-22T14:29:03","date_gmt":"2026-05-22T12:29:03","guid":{"rendered":"https:\/\/www.printoclock.com\/blog\/?p=16538"},"modified":"2026-06-02T17:17:40","modified_gmt":"2026-06-02T15:17:40","slug":"printoclock-sublimation-toulouse","status":"publish","type":"post","link":"https:\/\/www.printoclock.com\/blog\/printoclock-sublimation-toulouse\/","title":{"rendered":"PrintOclock passe \u00e0 la vitesse sup\u00e9rieure : la sublimation se renforce \u00e0 Toulouse !"},"content":{"rendered":"\n<p>Chez PrintOclock, nous ne faisons pas les choses \u00e0 moiti\u00e9. Apr\u00e8s l&rsquo;am\u00e9nagement de notre nouvel espace de 7 000 m\u00b2 en d\u00e9but d&rsquo;ann\u00e9e, nous franchissons une nouvelle \u00e9tape majeure : l&rsquo;investissement dans un tout nouveau parc de machines de sublimation.<\/p>\n\n\n\n<p>Plus qu&rsquo;une simple mise \u00e0 jour technique, c&rsquo;est un signal fort pour l&rsquo;industrie locale.<\/p>\n\n\n\n<h2 class=\"wp-block-heading\">Un investissement au c\u0153ur du \u00ab\u00a0Made in Toulouse\u00a0\u00bb<\/h2>\n\n\n\n<p>Depuis nos d\u00e9buts, nous d\u00e9fendons une vision : celle d&rsquo;une production fran\u00e7aise, r\u00e9active et cr\u00e9atrice d&#8217;emplois. Ce nouvel investissement vient renforcer notre atelier historique (depuis 2008) situ\u00e9 dans la Ville Rose.<\/p>\n\n\n\n<blockquote class=\"wp-block-quote is-layout-flow wp-block-quote-is-layout-flow\">\n<p>\u00ab Cet investissement est une preuve suppl\u00e9mentaire de notre engagement \u00e0 p\u00e9renniser notre production \u00e0 Toulouse. D\u00e9fendre notre atelier et l&rsquo;industrie fran\u00e7aise, c\u2019est avant tout d\u00e9fendre des comp\u00e9tences et des emplois en r\u00e9gion. \u00bb<\/p>\n<\/blockquote>\n\n\n\n<blockquote class=\"wp-block-quote is-layout-flow wp-block-quote-is-layout-flow\">\n<p>\u2014 Antoine, Pr\u00e9sident et Fondateur de PrintOclock.<\/p>\n<\/blockquote>\n\n\n\n<figure class=\"wp-block-image size-large\"><img loading=\"lazy\" decoding=\"async\" width=\"689\" height=\"475\" src=\"https:\/\/www.printoclock.com\/blog\/wp-content\/uploads\/2025\/11\/printoclock-depasse-20m-ca-2025-689x475.jpg\" alt=\"Une ann\u00e9e record pour PrintOclock : projets 2026 et innovations\u00a0\" class=\"wp-image-16276\" srcset=\"https:\/\/www.printoclock.com\/blog\/wp-content\/uploads\/2025\/11\/printoclock-depasse-20m-ca-2025-689x475.jpg 689w, https:\/\/www.printoclock.com\/blog\/wp-content\/uploads\/2025\/11\/printoclock-depasse-20m-ca-2025-300x207.jpg 300w, https:\/\/www.printoclock.com\/blog\/wp-content\/uploads\/2025\/11\/printoclock-depasse-20m-ca-2025-768x530.jpg 768w, https:\/\/www.printoclock.com\/blog\/wp-content\/uploads\/2025\/11\/printoclock-depasse-20m-ca-2025.jpg 1200w\" sizes=\"(max-width: 689px) 100vw, 689px\" \/><\/figure>\n\n\n\n<h2 class=\"wp-block-heading\">Des machines de pointe et des nouveaux talents<\/h2>\n\n\n\n<p>Pour piloter ce d\u00e9ploiement, nous recrutons 3 nouveaux collaborateurs au sein de la famille PrintOclock : deux couturiers(\u00e8res) et un(e) op\u00e9rateur(trice).<\/p>\n\n\n\n<p>Cette nouvelle \u00e9quipe aura en charge le pilotage des nouvelles machines :<\/p>\n\n\n\n<ul class=\"wp-block-list\">\n<li>HP Stitch S1000 : le fleuron de l\u2019impression textile.<\/li>\n\n\n\n<li>Calandre Klieverik : pour une fixation des couleurs parfaite.<\/li>\n\n\n\n<li>2 machines \u00e0 coudre &amp; 1 surjeteuse : pour des finitions impeccables.<\/li>\n<\/ul>\n\n\n\n<figure class=\"wp-block-image size-large is-resized\"><img loading=\"lazy\" decoding=\"async\" width=\"689\" height=\"918\" src=\"https:\/\/www.printoclock.com\/blog\/wp-content\/uploads\/2026\/05\/1000011045-689x918.jpeg\" alt=\"1000011045\" class=\"wp-image-16540\" style=\"width:491px;height:auto\" srcset=\"https:\/\/www.printoclock.com\/blog\/wp-content\/uploads\/2026\/05\/1000011045-689x918.jpeg 689w, https:\/\/www.printoclock.com\/blog\/wp-content\/uploads\/2026\/05\/1000011045-225x300.jpeg 225w, https:\/\/www.printoclock.com\/blog\/wp-content\/uploads\/2026\/05\/1000011045-768x1023.jpeg 768w, https:\/\/www.printoclock.com\/blog\/wp-content\/uploads\/2026\/05\/1000011045-1153x1536.jpeg 1153w, https:\/\/www.printoclock.com\/blog\/wp-content\/uploads\/2026\/05\/1000011045.jpeg 1201w\" sizes=\"(max-width: 689px) 100vw, 689px\" \/><\/figure>\n\n\n\n<h2 class=\"wp-block-heading\">Une gamme compl\u00e8te pour tous vos supports de communication<\/h2>\n\n\n\n<p>Pourquoi la sublimation ? Parce qu&rsquo;elle offre une qualit\u00e9 de couleur in\u00e9gal\u00e9e et une r\u00e9sistance \u00e0 toute \u00e9preuve, que ce soit pour vos salons en int\u00e9rieur ou vos \u00e9v\u00e9nements outdoor.<\/p>\n\n\n\n<p>Thierry, responsable de la gamme signal\u00e9tique, nous explique les b\u00e9n\u00e9fices pour le client :<\/p>\n\n\n\n<blockquote class=\"wp-block-quote is-layout-flow wp-block-quote-is-layout-flow\">\n<p>\u00ab Gr\u00e2ce \u00e0 cette autonomie de production, nous couvrons d\u00e9sormais l&rsquo;int\u00e9gralit\u00e9 des besoins \u00e9v\u00e9nementiels : <a href=\"https:\/\/www.printoclock.com\/beach-flag-plume#menu\" rel=\"noreferrer noopener\" target=\"_blank\">des voiles de beachflags<\/a> aux <a href=\"https:\/\/www.printoclock.com\/arche-publicitaire\/arche-drapeau\" rel=\"noreferrer noopener\" target=\"_blank\">arches drapeaux<\/a>, en passant par les <a href=\"https:\/\/www.printoclock.com\/stand-parapluie\" rel=\"noreferrer noopener\" target=\"_blank\">stands parapluie<\/a>, les<a href=\"https:\/\/www.printoclock.com\/mur-image\" rel=\"noreferrer noopener\" target=\"_blank\"> murs d\u2019image<\/a>, les <a href=\"https:\/\/www.printoclock.com\/totem-publicitaire\/totem-tissu\" rel=\"noreferrer noopener\" target=\"_blank\">totems <\/a>et les <a href=\"https:\/\/www.printoclock.com\/photocall\" rel=\"noreferrer noopener\" target=\"_blank\">photocalls<\/a>. Tout est ma\u00eetris\u00e9 de A \u00e0 Z chez nous. \u00bb<\/p>\n<\/blockquote>\n\n\n\n<h2 class=\"wp-block-heading\">La nouveaut\u00e9 : Le gonflable arrive !<\/h2>\n\n\n\n<p>Cet investissement permet aussi d&rsquo;\u00e9largir nos horizons cr\u00e9atifs. Sacha, directeur de l&rsquo;offre, se r\u00e9jouit de l&rsquo;arriv\u00e9e de nouveaux supports :<\/p>\n\n\n\n<blockquote class=\"wp-block-quote is-layout-flow wp-block-quote-is-layout-flow\">\n<p>\u00ab La polyvalence de ces nouveaux \u00e9quipements machine nous permet d&rsquo;int\u00e9grer des produits techniques comme le Beanflag et <a href=\"https:\/\/www.printoclock.com\/arche-publicitaire?\" data-type=\"link\" data-id=\"https:\/\/www.printoclock.com\/arche-publicitaire?\">l&rsquo;arche gonflable<\/a>. C\u2019est une petite r\u00e9volution pour nos clients qui veulent innover avec des nouvelles formes de supports. \u00bb<\/p>\n<\/blockquote>\n\n\n\n<figure class=\"wp-block-image size-large\"><img loading=\"lazy\" decoding=\"async\" width=\"689\" height=\"517\" src=\"https:\/\/www.printoclock.com\/blog\/wp-content\/uploads\/2026\/05\/1000011059-689x517.jpeg\" alt=\"1000011059\" class=\"wp-image-16541\" srcset=\"https:\/\/www.printoclock.com\/blog\/wp-content\/uploads\/2026\/05\/1000011059-689x517.jpeg 689w, https:\/\/www.printoclock.com\/blog\/wp-content\/uploads\/2026\/05\/1000011059-300x225.jpeg 300w, https:\/\/www.printoclock.com\/blog\/wp-content\/uploads\/2026\/05\/1000011059-768x576.jpeg 768w, https:\/\/www.printoclock.com\/blog\/wp-content\/uploads\/2026\/05\/1000011059.jpeg 1365w\" sizes=\"(max-width: 689px) 100vw, 689px\" \/><\/figure>\n\n\n\n<h2 class=\"wp-block-heading\">Des supports faciles \u00e0 manipuler<\/h2>\n\n\n\n<p>Gr\u00e2ce \u00e0 l&rsquo;encrage qui impr\u00e8gne directement la mati\u00e8re (comme un maillot sportif), le support reste souple, donc pliable et transportable. Vos supports sont durables, stockables et r\u00e9utilisables.<\/p>\n\n\n\n<h2 class=\"wp-block-heading\">Une technologie plus verte<\/h2>\n\n\n\n<p>Parce que produire localement n&rsquo;a de sens que si l&rsquo;on respecte notre environnement, la technique de sublimation choisie utilise des encres \u00e0 base d\u2019eau. Plus respectueuses de la plan\u00e8te, elles ne font aucun compromis sur l&rsquo;\u00e9clat des couleurs.<\/p>\n\n\n\n<p><a href=\"https:\/\/www.printoclock.com\/impressions-et-environnement\" rel=\"noreferrer noopener\" target=\"_blank\">En savoir plus sur les encres.<\/a><\/p>\n\n\n\n<h2 class=\"wp-block-heading\">Ce que cela change pour vous<\/h2>\n\n\n\n<p>Faire confiance \u00e0 la sublimation \u00ab\u00a0Made in PrintOclock\u00a0\u00bb, c&rsquo;est profiter de trois avantages majeurs :<\/p>\n\n\n\n<figure class=\"wp-block-table\"><table class=\"has-fixed-layout\"><tbody><tr><td>Rapidit\u00e9 imbattable<\/td><td>Commandez avant 12h, recevez vos produits \u00e0 J+3.<\/td><\/tr><tr><td>Gamme compl\u00e8te<\/td><td>Un seul prestataire pour toute votre signal\u00e9tique \u00e9v\u00e9nementielle.<\/td><\/tr><tr><td>Impact Local<\/td><td>Vous soutenez l&rsquo;industrie fran\u00e7aise et l&#8217;emploi en r\u00e9gion Occitanie.<\/td><\/tr><\/tbody><\/table><\/figure>\n\n\n\n<p>Pr\u00eat \u00e0 booster votre visibilit\u00e9 ? D\u00e9couvrez d\u00e8s maintenant notre gamme compl\u00e8te et profitez de la qualit\u00e9 toulousaine pour vos prochains \u00e9v\u00e9nements !<\/p>\n\n\n\n<p><em>Vous avez un projet sp\u00e9cifique en t\u00eate ? <a href=\"https:\/\/www.printoclock.com\/contact\" target=\"_blank\" rel=\"noreferrer noopener\">Nos experts sont l\u00e0 pour vous accompagner.<\/a><\/em><\/p>\n\n\n\n<p><\/p>\n","protected":false},"excerpt":{"rendered":"<p>Chez PrintOclock, nous ne faisons pas les choses \u00e0 moiti\u00e9. Apr\u00e8s l&rsquo;am\u00e9nagement de notre nouvel espace de 7 000 m\u00b2 en d\u00e9but d&rsquo;ann\u00e9e, nous franchissons une nouvelle \u00e9tape majeure : l&rsquo;investissement dans un tout nouveau parc de machines de sublimation. Plus qu&rsquo;une simple mise \u00e0 jour technique, c&rsquo;est un signal fort pour l&rsquo;industrie locale. Un [&hellip;]<\/p>\n","protected":false},"author":51,"featured_media":16539,"comment_status":"closed","ping_status":"open","sticky":false,"template":"","format":"standard","meta":{"_seopress_titles_title":"PrintOclock passe \u00e0 la vitesse sup\u00e9rieure : la sublimation se renforce \u00e0 Toulouse !","_seopress_titles_desc":"PrintOclock booste sa production \u00e0 Toulouse ! D\u00e9couvrez comment notre expertise en sublimation se renforce pour vos objets et textiles personnalis\u00e9s. Qualit\u00e9 pro.","_seopress_robots_index":"","_seopress_robots_follow":"","_seopress_robots_imageindex":"","_seopress_robots_snippet":"","_seopress_robots_primary_cat":"","_seopress_robots_breadcrumbs":"","_seopress_robots_freeze_modified_date":"","_seopress_robots_custom_modified_date":"","_seopress_robots_canonical":"","_seopress_social_fb_title":"","_seopress_social_fb_desc":"","_seopress_social_fb_img":"","_seopress_social_fb_img_attachment_id":0,"_seopress_social_fb_img_width":0,"_seopress_social_fb_img_height":0,"_seopress_social_twitter_title":"","_seopress_social_twitter_desc":"","_seopress_social_twitter_img":"","_seopress_social_twitter_img_attachment_id":0,"_seopress_social_twitter_img_width":0,"_seopress_social_twitter_img_height":0,"_seopress_redirections_value":"","_seopress_redirections_enabled":"","_seopress_redirections_enabled_regex":"","_seopress_redirections_logged_status":"","_seopress_redirections_param":"","_seopress_redirections_type":0,"_seopress_analysis_target_kw":"","rop_custom_images_group":[],"rop_custom_messages_group":[],"rop_publish_now":"initial","rop_publish_now_accounts":{"facebook_10227655330001852_196003483236":""},"rop_publish_now_history":[],"rop_publish_now_status":"pending","footnotes":""},"categories":[443],"tags":[],"class_list":{"0":"post-16538","1":"post","2":"type-post","3":"status-publish","4":"format-standard","5":"has-post-thumbnail","7":"category-actu-du-print"},"_links":{"self":[{"href":"https:\/\/www.printoclock.com\/blog\/wp-json\/wp\/v2\/posts\/16538"}],"collection":[{"href":"https:\/\/www.printoclock.com\/blog\/wp-json\/wp\/v2\/posts"}],"about":[{"href":"https:\/\/www.printoclock.com\/blog\/wp-json\/wp\/v2\/types\/post"}],"author":[{"embeddable":true,"href":"https:\/\/www.printoclock.com\/blog\/wp-json\/wp\/v2\/users\/51"}],"replies":[{"embeddable":true,"href":"https:\/\/www.printoclock.com\/blog\/wp-json\/wp\/v2\/comments?post=16538"}],"version-history":[{"count":3,"href":"https:\/\/www.printoclock.com\/blog\/wp-json\/wp\/v2\/posts\/16538\/revisions"}],"predecessor-version":[{"id":16549,"href":"https:\/\/www.printoclock.com\/blog\/wp-json\/wp\/v2\/posts\/16538\/revisions\/16549"}],"wp:featuredmedia":[{"embeddable":true,"href":"https:\/\/www.printoclock.com\/blog\/wp-json\/wp\/v2\/media\/16539"}],"wp:attachment":[{"href":"https:\/\/www.printoclock.com\/blog\/wp-json\/wp\/v2\/media?parent=16538"}],"wp:term":[{"taxonomy":"category","embeddable":true,"href":"https:\/\/www.printoclock.com\/blog\/wp-json\/wp\/v2\/categories?post=16538"},{"taxonomy":"post_tag","embeddable":true,"href":"https:\/\/www.printoclock.com\/blog\/wp-json\/wp\/v2\/tags?post=16538"}],"curies":[{"name":"wp","href":"https:\/\/api.w.org\/{rel}","templated":true}]}}